{"id":1307,"date":"2015-01-05T14:58:21","date_gmt":"2015-01-05T13:58:21","guid":{"rendered":"http:\/\/www.fetz-racing.de\/wordpress\/?p=1307"},"modified":"2015-01-07T15:56:51","modified_gmt":"2015-01-07T14:56:51","slug":"neujahrsgruesse-aus-calafat","status":"publish","type":"post","link":"https:\/\/www.fetz-racing.de\/wordpress\/?p=1307","title":{"rendered":"Neujahrsgr\u00fc\u00dfe aus Calafat"},"content":{"rendered":"<p>Hallo Motorsportfreunde,<\/p>\n<p>die vergangene Saison ist schon l\u00e4nger vorbei. Wir hatten allerdings noch keine gro\u00dfe Pause, denn die neue Saison steht bereits vor der T\u00fcr und die Vorbereitungen laufen!!<\/p>\n<p>Wir kommen unserem Ziel, 2015 im ADAC Junior Cup zu starten, immer n\u00e4her. Das neue (gebrauchte) Motorrad wurde bereits eingeweiht ;-). Wir waren dieses Jahr zum ersten mal in Spanien trainieren und Marco konnte auf der KTMRC390 erste Erfahrungen sammeln: 5 Tage mit Doc-Scholl in Calafat!<\/p>\n<p>Danke ans Doc-Scholl-Team f\u00fcr die prima Veranstaltung !!<\/p>\n<p>Am 3. Tag wurden Sprintrennen ausgetragen und am letzten, Silvester, ein 4h Rennen. Beim Sprint konnte ich in der kleinen Klasse (4) als dritter die Ziellinie hinter einer ZXR400 (P1) und Moriwaki 250 (P2) \u00fcberqueren.<\/p>\n<p>Im 4h Rennen startete ich mit Dominik und Dirk (beide ebenfalls KTM RC 390) als KTM-Racing-Team und wir belegten den 9. Platz (Klasse 2-Motorr\u00e4der).<\/p>\n<p>Es war eine prima Veranstaltung und wir konnten wieder alle unversehrt die Heimreise am 02.01.2015 antreten!<\/p>\n<p>DANKE nochmal an alle Sponsoren, G\u00f6nner, Fan\u2019s und Freunde welche uns 2014 finanziell und mental unterst\u00fctzt und auch mit uns an der Strecke gefiebert haben.<\/p>\n<p>Wir w\u00fcnschen Euch mit Euren Familien einen guten Start ins Jahr 2015 und bleibt gesund !!!!<\/p>\n<div style=\"font-family: Comic Sans MS; font-size:larger;\">\n<strong>Marco #33<\/strong><br \/>\n<strong>   mit Katharina, Marion und G\u00fcnter<\/strong>\n<\/div>\nngg_shortcode_0_placeholder\n","protected":false},"excerpt":{"rendered":"<p>Hallo Motorsportfreunde, die vergangene Saison ist schon l\u00e4nger vorbei. Wir hatten allerdings noch keine gro\u00dfe Pause, denn die neue Saison steht bereits vor der T\u00fcr und die Vorbereitungen laufen!! Wir kommen unserem Ziel, 2015 im ADAC Junior Cup zu starten, immer n\u00e4her. Das neue (gebrauchte) Motorrad wurde bereits eingeweiht ;-).\u2026 <a class=\"continue-reading-link\" href=\"https:\/\/www.fetz-racing.de\/wordpress\/?p=1307\">Weiterlesen<\/a><\/p>\n","protected":false},"author":2,"featured_media":0,"comment_status":"open","ping_status":"open","sticky":false,"template":"","format":"standard","meta":{"ngg_post_thumbnail":0,"jetpack_post_was_ever_published":false,"_jetpack_newsletter_access":"","_jetpack_dont_email_post_to_subs":false,"_jetpack_newsletter_tier_id":0,"_jetpack_memberships_contains_paywalled_content":false,"_jetpack_memberships_contains_paid_content":false,"footnotes":"","jetpack_publicize_message":"","jetpack_publicize_feature_enabled":true,"jetpack_social_post_already_shared":false,"jetpack_social_options":{"image_generator_settings":{"template":"highway","default_image_id":0,"font":"","enabled":false},"version":2}},"categories":[1],"tags":[],"class_list":["post-1307","post","type-post","status-publish","format-standard","hentry","category-allgemein"],"jetpack_publicize_connections":[],"jetpack_featured_media_url":"","jetpack_sharing_enabled":true,"jetpack_shortlink":"https:\/\/wp.me\/p8UkLO-l5","jetpack-related-posts":[],"_links":{"self":[{"href":"https:\/\/www.fetz-racing.de\/wordpress\/index.php?rest_route=\/wp\/v2\/posts\/1307","targetHints":{"allow":["GET"]}}],"collection":[{"href":"https:\/\/www.fetz-racing.de\/wordpress\/index.php?rest_route=\/wp\/v2\/posts"}],"about":[{"href":"https:\/\/www.fetz-racing.de\/wordpress\/index.php?rest_route=\/wp\/v2\/types\/post"}],"author":[{"embeddable":true,"href":"https:\/\/www.fetz-racing.de\/wordpress\/index.php?rest_route=\/wp\/v2\/users\/2"}],"replies":[{"embeddable":true,"href":"https:\/\/www.fetz-racing.de\/wordpress\/index.php?rest_route=%2Fwp%2Fv2%2Fcomments&post=1307"}],"version-history":[{"count":0,"href":"https:\/\/www.fetz-racing.de\/wordpress\/index.php?rest_route=\/wp\/v2\/posts\/1307\/revisions"}],"wp:attachment":[{"href":"https:\/\/www.fetz-racing.de\/wordpress\/index.php?rest_route=%2Fwp%2Fv2%2Fmedia&parent=1307"}],"wp:term":[{"taxonomy":"category","embeddable":true,"href":"https:\/\/www.fetz-racing.de\/wordpress\/index.php?rest_route=%2Fwp%2Fv2%2Fcategories&post=1307"},{"taxonomy":"post_tag","embeddable":true,"href":"https:\/\/www.fetz-racing.de\/wordpress\/index.php?rest_route=%2Fwp%2Fv2%2Ftags&post=1307"}],"curies":[{"name":"wp","href":"https:\/\/api.w.org\/{rel}","templated":true}]}}