{"id":1210,"date":"2014-10-02T17:43:06","date_gmt":"2014-10-02T16:43:06","guid":{"rendered":"http:\/\/www.fetz-racing.de\/wordpress\/?p=1210"},"modified":"2014-10-06T07:24:47","modified_gmt":"2014-10-06T06:24:47","slug":"saisonabschluss-am-sachsenring-27-09-2014","status":"publish","type":"post","link":"https:\/\/www.fetz-racing.de\/wordpress\/?p=1210","title":{"rendered":"Saisonabschluss am Sachsenring, 27.09.2014"},"content":{"rendered":"<p>Am vergangenen Wochenende fand das letzte Rennen des ADAC Mini Bike Cup am Sachsenring statt. Wir reisten bereits Freitag nach der Schule an.<\/p>\n<p>Am Samstag begann das erste freie Training, welches auf nasser Strecke absolviert wurde. Auch das zweite freie Training war nass. Im ersten Quali fing dann die Strecke an langsam abzutrocknen und ich fuhr mit einer Zeit von 50.860 auf den 13. Platz. Im zweiten Zeittraining, welches dann endlich unter trockenen Bedingungen stattfand, konnte ich meine Zeit nochmal verbessern und ging trotzdem von Platz 14 aus ins Rennen.<\/p>\n<p>Im ersten Rennen hatte ich einen schlechten Start und verlor zwei Pl\u00e4tze, die ich im laufe des Rennens auch nicht mehr zur\u00fcckholen konnte, da es sehr viel bergauf ging. So landete ich auf Platz 16 im ersten Lauf.<\/p>\n<p>Im zweiten Rennen hatte ich einen m\u00e4\u00dfigen Start und verlor eine Position. Im verlauf des Rennens st\u00fcrzten 2 vor mir fahrende, ich rutschte dadurch auf Platz 13 und fuhr ab diesem Zeitpunkt mein eigenes Rennen bis ins Ziel. Im zweiten Lauf sprang so Platz 13 heraus.<\/p>\n<p>Gru\u00df Marco#33<\/p>\n<hr \/>\n<p>Abends nach der Siegerehrung wurden vom ADAC zu Saisonabschluss die Meister in den Klassen Pocket Bike, Mini Bike-Einsteiger und Mini Bike-Nachwuchs geehrt. F\u00fcr die 3 Erstplatzierten gab es nat\u00fcrlich Pokale, f\u00fcr alle Anderen eine Urkunde und ein kleines Pr\u00e4sent.<\/p>\n<p>Marco hat seine letzte Mini Bike Saison in der Nachwuchsklasse auf dem 14. Platz beendet. Aufgrund der Leistungsdichte bzw. des hohen Niveaus sind wir mit dieser Platzierung nicht unzufrieden! Und Marco ist \u00fcbergl\u00fccklich, da\u00df das Fahren auf der &#8222;kleinen&#8220; Honda jetzt Geschichte ist und er freut sich schon auf ein eigenes &#8222;gro\u00dfes&#8220; Motorrad!!!<\/p>\n<p>Wir haben ja bereits ein paar mal auf ZXR400 (Danke Flori!) bzw. GSXR750 (Danke Papa!) trainiert und es stellt sich nat\u00fcrlich die Frage wie es weitergeht ?!<\/p>\n<p><strong>Unser Ziel ist ein Start im ADAC Junior Cup 2015!! Wir versuchen nun m\u00f6glichst viel Unterst\u00fctzung zu finden um ein Saison in diesem zu stemmen.<\/strong><\/p>\n<p><strong>Ganz herzlich m\u00f6chten wir uns bei unseren Sponsoren, G\u00f6nnern und Fans bedanken, die es uns erm\u00f6glicht haben an Marcos &#8222;letzter&#8220; Mini Bike Saison 2014 an den Start zu gehen.<\/strong><\/p>\n<p>Bis bald !!!<\/p>\n<div align=\"left\"><span style=\"font-family: Comic Sans MS;\">Mit motorsportlichen Gr\u00fc\u00dfen !<\/span><\/div>\n<div align=\"left\"><\/div>\n<div align=\"left\"><span style=\"font-family: Comic Sans MS;\">Marco #33 <\/span><\/div>\n<div align=\"left\"><span style=\"font-family: Comic Sans MS;\">\u00a0\u00a0\u00a0\u00a0\u00a0 &amp; G\u00fcnter Fetz<\/span><\/div>\n<div align=\"left\"><\/div>\n<div align=\"left\"><span style=\"font-family: Comic Sans MS; font-size: small;\"><a title=\"https:\/\/www.fetz-racing.de\/\" href=\"https:\/\/www.fetz-racing.de\/\">www.fetz-racing.de<\/a><\/span><\/div>\n<div align=\"left\"><\/div>\n<div align=\"left\"><strong>ngg_shortcode_0_placeholder<\/strong><\/div>\n","protected":false},"excerpt":{"rendered":"<p>Am vergangenen Wochenende fand das letzte Rennen des ADAC Mini Bike Cup am Sachsenring statt. Wir reisten bereits Freitag nach der Schule an. Am Samstag begann das erste freie Training, welches auf nasser Strecke absolviert wurde. Auch das zweite freie Training war nass. Im ersten Quali fing dann die Strecke\u2026 <a class=\"continue-reading-link\" href=\"https:\/\/www.fetz-racing.de\/wordpress\/?p=1210\">Weiterlesen<\/a><\/p>\n","protected":false},"author":2,"featured_media":0,"comment_status":"open","ping_status":"open","sticky":false,"template":"","format":"standard","meta":{"ngg_post_thumbnail":0,"jetpack_post_was_ever_published":false,"_jetpack_newsletter_access":"","_jetpack_dont_email_post_to_subs":false,"_jetpack_newsletter_tier_id":0,"_jetpack_memberships_contains_paywalled_content":false,"_jetpack_memberships_contains_paid_content":false,"footnotes":"","jetpack_publicize_message":"","jetpack_publicize_feature_enabled":true,"jetpack_social_post_already_shared":false,"jetpack_social_options":{"image_generator_settings":{"template":"highway","default_image_id":0,"font":"","enabled":false},"version":2}},"categories":[11,18],"tags":[],"class_list":["post-1210","post","type-post","status-publish","format-standard","hentry","category-rennen","category-rennen-2014"],"jetpack_publicize_connections":[],"jetpack_featured_media_url":"","jetpack_sharing_enabled":true,"jetpack_shortlink":"https:\/\/wp.me\/p8UkLO-jw","jetpack-related-posts":[],"_links":{"self":[{"href":"https:\/\/www.fetz-racing.de\/wordpress\/index.php?rest_route=\/wp\/v2\/posts\/1210","targetHints":{"allow":["GET"]}}],"collection":[{"href":"https:\/\/www.fetz-racing.de\/wordpress\/index.php?rest_route=\/wp\/v2\/posts"}],"about":[{"href":"https:\/\/www.fetz-racing.de\/wordpress\/index.php?rest_route=\/wp\/v2\/types\/post"}],"author":[{"embeddable":true,"href":"https:\/\/www.fetz-racing.de\/wordpress\/index.php?rest_route=\/wp\/v2\/users\/2"}],"replies":[{"embeddable":true,"href":"https:\/\/www.fetz-racing.de\/wordpress\/index.php?rest_route=%2Fwp%2Fv2%2Fcomments&post=1210"}],"version-history":[{"count":0,"href":"https:\/\/www.fetz-racing.de\/wordpress\/index.php?rest_route=\/wp\/v2\/posts\/1210\/revisions"}],"wp:attachment":[{"href":"https:\/\/www.fetz-racing.de\/wordpress\/index.php?rest_route=%2Fwp%2Fv2%2Fmedia&parent=1210"}],"wp:term":[{"taxonomy":"category","embeddable":true,"href":"https:\/\/www.fetz-racing.de\/wordpress\/index.php?rest_route=%2Fwp%2Fv2%2Fcategories&post=1210"},{"taxonomy":"post_tag","embeddable":true,"href":"https:\/\/www.fetz-racing.de\/wordpress\/index.php?rest_route=%2Fwp%2Fv2%2Ftags&post=1210"}],"curies":[{"name":"wp","href":"https:\/\/api.w.org\/{rel}","templated":true}]}}