{"id":1205,"date":"2014-09-17T19:50:41","date_gmt":"2014-09-17T18:50:41","guid":{"rendered":"http:\/\/www.fetz-racing.de\/wordpress\/?p=1205"},"modified":"2014-10-06T07:19:44","modified_gmt":"2014-10-06T06:19:44","slug":"nochmal-mb-cup-in-schluesselfeld-13-09-2014","status":"publish","type":"post","link":"https:\/\/www.fetz-racing.de\/wordpress\/?p=1205","title":{"rendered":"Nochmal MB Cup in Schl\u00fcsselfeld, 13.09.2014"},"content":{"rendered":"<div>\n<p>Hallo Motorsportfreunde und Fan&#8217;s,<\/p>\n<p>am vergangenen Wochenende fand die neunte Veranstaltung des ADAC Mini Bike Cup in Schl\u00fcsselfeld statt. Da man Freitag Nachmittag trainieren konnte, rei\u00dften wir am Vormittag an und nutzten, wie viele\u00a0Andere, \u00a0nat\u00fcrlich die Gelegenheit trotz str\u00f6menden Regens.<\/p>\n<p>Der Samstag begann um 9.40 Uhr mit dem ersten freien Training, welches unter nassen Bedingungen statt fand. Auch das zweite freie Training war nass. Im ersten Zeittraining war die Strecke schon halb trocken und ich fuhr mit einer Zeit von 43.422 auf die 10. Position. Im zweiten Quali konnte ich meine Zeit nochmal verbessern und startete von Platz 11 nachdem ich eine 42.889\u00a0schaffte.<\/p>\n<p>Ich hatte im ersten Lauf einen m\u00e4\u00dfigen Start, musste in der ersten Runde einem gest\u00fcrzten Fahrer aus der F\u00fchrungsgruppe ausweichen\u00a0und\u00a0fiel auf Platz 13. Da mitte des Rennens ein Konkurrent vor mir st\u00fcrzte lag ich dadurch auf Platz 12. Ich lieferte mir einen harten Kampf mit einer Konkurrentin bis zur Ziellinie und verpasste Platz 11 um 0,017 Sekunden.<\/p>\n<p>Im zweiten Rennen hatte ich einen guten Start und konnte meine Position halten.\u00a0 Mitte des Rennens st\u00fcrzte ein Fahrer vor mir und ich\u00a0rutschte dadurch auf Platz 10.\u00a0Erneut lieferte\u00a0ich mir wieder einen harten Kampf mit einem Konkurrenten. Ich lag im hinteren Teil der Strecke fast st\u00e4ndig auf P10,\u00a0habe ich durch meine Gr\u00f6\u00dfe und Gewicht doch erhebliche Nachteile und wurde jedes mal auf dem\u00a0Bergaufst\u00fcck vor der Zielkurve fast jede Runde \u00fcberholt. So\u00a0endete der\u00a0zweit Lauf mit P11.<\/p>\n<p>In zwei Wochen findet die letzte Veranstaltung\u00a0und der Saisonabschluss des ADAC Mini Bike Cup am Sachsenring statt.<\/p>\n<p>Gru\u00df Marco #33<\/p>\n<div align=\"left\"><span style=\"font-family: Comic Sans MS;\">Mit motorsportlichen Gr\u00fc\u00dfen !<\/span><\/div>\n<div align=\"left\"><\/div>\n<div align=\"left\"><span style=\"font-family: Comic Sans MS;\">Marco #33 <\/span><\/div>\n<div align=\"left\"><span style=\"font-family: Comic Sans MS;\">\u00a0\u00a0\u00a0\u00a0\u00a0 &amp; G\u00fcnter Fetz<\/span><\/div>\n<div align=\"left\"><\/div>\n<div align=\"left\"><span style=\"font-family: Comic Sans MS; font-size: small;\"><a title=\"https:\/\/www.fetz-racing.de\/\" href=\"https:\/\/www.fetz-racing.de\/\">www.fetz-racing.de<\/a><\/span><\/div>\n<div align=\"left\"><\/div>\n<div align=\"left\"><strong>ngg_shortcode_0_placeholder<\/strong><\/div>\n<\/div>\n","protected":false},"excerpt":{"rendered":"<p>Hallo Motorsportfreunde und Fan&#8217;s, am vergangenen Wochenende fand die neunte Veranstaltung des ADAC Mini Bike Cup in Schl\u00fcsselfeld statt. Da man Freitag Nachmittag trainieren konnte, rei\u00dften wir am Vormittag an und nutzten, wie viele\u00a0Andere, \u00a0nat\u00fcrlich die Gelegenheit trotz str\u00f6menden Regens. Der Samstag begann um 9.40 Uhr mit dem ersten freien\u2026 <a class=\"continue-reading-link\" href=\"https:\/\/www.fetz-racing.de\/wordpress\/?p=1205\">Weiterlesen<\/a><\/p>\n","protected":false},"author":2,"featured_media":0,"comment_status":"open","ping_status":"open","sticky":false,"template":"","format":"standard","meta":{"ngg_post_thumbnail":0,"jetpack_post_was_ever_published":false,"_jetpack_newsletter_access":"","_jetpack_dont_email_post_to_subs":false,"_jetpack_newsletter_tier_id":0,"_jetpack_memberships_contains_paywalled_content":false,"_jetpack_memberships_contains_paid_content":false,"footnotes":"","jetpack_publicize_message":"","jetpack_publicize_feature_enabled":true,"jetpack_social_post_already_shared":false,"jetpack_social_options":{"image_generator_settings":{"template":"highway","default_image_id":0,"font":"","enabled":false},"version":2}},"categories":[11,18],"tags":[],"class_list":["post-1205","post","type-post","status-publish","format-standard","hentry","category-rennen","category-rennen-2014"],"jetpack_publicize_connections":[],"jetpack_featured_media_url":"","jetpack_sharing_enabled":true,"jetpack_shortlink":"https:\/\/wp.me\/p8UkLO-jr","jetpack-related-posts":[],"_links":{"self":[{"href":"https:\/\/www.fetz-racing.de\/wordpress\/index.php?rest_route=\/wp\/v2\/posts\/1205","targetHints":{"allow":["GET"]}}],"collection":[{"href":"https:\/\/www.fetz-racing.de\/wordpress\/index.php?rest_route=\/wp\/v2\/posts"}],"about":[{"href":"https:\/\/www.fetz-racing.de\/wordpress\/index.php?rest_route=\/wp\/v2\/types\/post"}],"author":[{"embeddable":true,"href":"https:\/\/www.fetz-racing.de\/wordpress\/index.php?rest_route=\/wp\/v2\/users\/2"}],"replies":[{"embeddable":true,"href":"https:\/\/www.fetz-racing.de\/wordpress\/index.php?rest_route=%2Fwp%2Fv2%2Fcomments&post=1205"}],"version-history":[{"count":0,"href":"https:\/\/www.fetz-racing.de\/wordpress\/index.php?rest_route=\/wp\/v2\/posts\/1205\/revisions"}],"wp:attachment":[{"href":"https:\/\/www.fetz-racing.de\/wordpress\/index.php?rest_route=%2Fwp%2Fv2%2Fmedia&parent=1205"}],"wp:term":[{"taxonomy":"category","embeddable":true,"href":"https:\/\/www.fetz-racing.de\/wordpress\/index.php?rest_route=%2Fwp%2Fv2%2Fcategories&post=1205"},{"taxonomy":"post_tag","embeddable":true,"href":"https:\/\/www.fetz-racing.de\/wordpress\/index.php?rest_route=%2Fwp%2Fv2%2Ftags&post=1205"}],"curies":[{"name":"wp","href":"https:\/\/api.w.org\/{rel}","templated":true}]}}